{"id":50,"date":"2007-05-15T11:52:56","date_gmt":"2007-05-15T10:52:56","guid":{"rendered":"https:\/\/wpethzprd.ethz.ch\/frank\/archives\/50"},"modified":"2007-05-15T11:57:18","modified_gmt":"2007-05-15T10:57:18","slug":"brienzerseeblau","status":"publish","type":"post","link":"https:\/\/blogs.ethz.ch\/frank\/archives\/50","title":{"rendered":"Brienzerseeblau"},"content":{"rendered":"<p><img decoding=\"async\" src=\"https:\/\/blogs.ethz.ch\/frank\/files\/2007\/05\/20070513-dsc_0032-2.jpg\" alt=\"Brienzerseeblau\" \/><\/p>\n<p>Jetzt sollte es klar sein wo die <a href=\"https:\/\/blogs.ethz.ch\/frank\/files\/2007\/05\/augstmatthornprofil.gif\" title=\"Augstmatthorn Profil\">Wanderung<\/a> war. Sie nahm ihren Anfang bei der Bergstation der <a href=\"http:\/\/de.wikipedia.org\/wiki\/Harderbahn\" target=\"_blank\">Harderbahn<\/a> und verlief dann entlang dem Brienzergrat \u00fcber das <a href=\"http:\/\/de.wikipedia.org\/wiki\/Augstmatthorn\" target=\"_blank\">Augstmatthorn<\/a> bis zum Kemmeribodenbad, wo ich dann trotz nahendem Postauto auf ein Meringue Glac\u00e9 nicht verzichten konnte &#8211; wer den Ort kennt weiss warum. Alain und Mathias machten nicht so wie ich wegen eines Knieproblems zu fr\u00fch schlapp und folgten dem Grat bis zur \u00c4llg\u00e4ul\u00fccke. Wem dieses Blau gef\u00e4llt kann noch ein paar Eindr\u00fccke in einer <a href=\"http:\/\/n.ethz.ch\/student\/frmeier\/lr\/brienzerseeblau\/\">Gallerie geniessen<\/a>.<\/p>\n","protected":false},"excerpt":{"rendered":"<p>Jetzt sollte es klar sein wo die Wanderung war. Sie nahm ihren Anfang bei der Bergstation der Harderbahn und verlief dann entlang dem Brienzergrat \u00fcber das Augstmatthorn bis zum Kemmeribodenbad, wo ich dann trotz nahendem Postauto auf ein Meringue Glac\u00e9 nicht verzichten konnte &#8211; wer den Ort kennt weiss warum. Alain und Mathias machten nicht [&hellip;]<\/p>\n","protected":false},"author":55,"featured_media":0,"comment_status":"open","ping_status":"closed","sticky":false,"template":"","format":"standard","meta":{"footnotes":""},"categories":[17,94],"tags":[],"class_list":["post-50","post","type-post","status-publish","format-standard","hentry","category-photo","category-wandern"],"_links":{"self":[{"href":"https:\/\/blogs.ethz.ch\/frank\/wp-json\/wp\/v2\/posts\/50","targetHints":{"allow":["GET"]}}],"collection":[{"href":"https:\/\/blogs.ethz.ch\/frank\/wp-json\/wp\/v2\/posts"}],"about":[{"href":"https:\/\/blogs.ethz.ch\/frank\/wp-json\/wp\/v2\/types\/post"}],"author":[{"embeddable":true,"href":"https:\/\/blogs.ethz.ch\/frank\/wp-json\/wp\/v2\/users\/55"}],"replies":[{"embeddable":true,"href":"https:\/\/blogs.ethz.ch\/frank\/wp-json\/wp\/v2\/comments?post=50"}],"version-history":[{"count":0,"href":"https:\/\/blogs.ethz.ch\/frank\/wp-json\/wp\/v2\/posts\/50\/revisions"}],"wp:attachment":[{"href":"https:\/\/blogs.ethz.ch\/frank\/wp-json\/wp\/v2\/media?parent=50"}],"wp:term":[{"taxonomy":"category","embeddable":true,"href":"https:\/\/blogs.ethz.ch\/frank\/wp-json\/wp\/v2\/categories?post=50"},{"taxonomy":"post_tag","embeddable":true,"href":"https:\/\/blogs.ethz.ch\/frank\/wp-json\/wp\/v2\/tags?post=50"}],"curies":[{"name":"wp","href":"https:\/\/api.w.org\/{rel}","templated":true}]}}