{"id":1022,"date":"2012-07-25T20:13:34","date_gmt":"2012-07-25T19:13:34","guid":{"rendered":"https:\/\/wpethzprd.ethz.ch\/frank\/?p=1022"},"modified":"2012-08-13T18:14:26","modified_gmt":"2012-08-13T17:14:26","slug":"ahv-wanderung","status":"publish","type":"post","link":"https:\/\/blogs.ethz.ch\/frank\/archives\/1022","title":{"rendered":"AHV-Wanderung"},"content":{"rendered":"<p>Nicht immer muss gleich ein Gipfel erklommen werden. Entspannend kann auch eine Wanderung sein, deren Wege etwas \u00fcberf\u00fcllt sind, aber trotzdem durch eine herrliche Landschaft f\u00fchren. Und zudem habe ich sie so noch gar nie gemacht. Wir genossen sie ungemein, besonders das anschliessende Bad. Und wer es noch nicht herausgefunden hat, wohin die Wanderung gef\u00fchrt hat, der findet die L\u00f6sung <a href=\"http:\/\/map.geo.admin.ch\/?Y=615057.5&amp;X=141890.5&amp;zoom=6&amp;bgLayer=ch.swisstopo.pixelkarte-farbe&amp;lang=en\">hier<\/a>.<\/p>\n<div id=\"attachment_1023\" style=\"width: 409px\" class=\"wp-caption alignnone\"><img loading=\"lazy\" decoding=\"async\" aria-describedby=\"caption-attachment-1023\" src=\"https:\/\/blogs.ethz.ch\/frank\/files\/2012\/08\/DSCF4736.jpg\" alt=\"Felsformation beim Chli Rinderhorn\" width=\"399\" height=\"600\" class=\"size-full wp-image-1023\" srcset=\"https:\/\/blogs.ethz.ch\/frank\/files\/2012\/08\/DSCF4736.jpg 399w, https:\/\/blogs.ethz.ch\/frank\/files\/2012\/08\/DSCF4736-199x300.jpg 199w\" sizes=\"auto, (max-width: 399px) 100vw, 399px\" \/><p id=\"caption-attachment-1023\" class=\"wp-caption-text\">Felsformation beim Chli Rinderhorn<\/p><\/div>\n<div id=\"attachment_1024\" style=\"width: 409px\" class=\"wp-caption alignnone\"><a href=\"https:\/\/blogs.ethz.ch\/frank\/files\/2012\/08\/DSCF4755.jpg\"><img loading=\"lazy\" decoding=\"async\" aria-describedby=\"caption-attachment-1024\" src=\"https:\/\/blogs.ethz.ch\/frank\/files\/2012\/08\/DSCF4755.jpg\" alt=\"Daubensee\" width=\"399\" height=\"600\" class=\"size-full wp-image-1024\" srcset=\"https:\/\/blogs.ethz.ch\/frank\/files\/2012\/08\/DSCF4755.jpg 399w, https:\/\/blogs.ethz.ch\/frank\/files\/2012\/08\/DSCF4755-199x300.jpg 199w\" sizes=\"auto, (max-width: 399px) 100vw, 399px\" \/><\/a><p id=\"caption-attachment-1024\" class=\"wp-caption-text\">Daubensee<\/p><\/div>\n","protected":false},"excerpt":{"rendered":"<p>Nicht immer muss gleich ein Gipfel erklommen werden. Entspannend kann auch eine Wanderung sein, deren Wege etwas \u00fcberf\u00fcllt sind, aber trotzdem durch eine herrliche Landschaft f\u00fchren. Und zudem habe ich sie so noch gar nie gemacht. Wir genossen sie ungemein, besonders das anschliessende Bad. Und wer es noch nicht herausgefunden hat, wohin die Wanderung gef\u00fchrt [&hellip;]<\/p>\n","protected":false},"author":55,"featured_media":0,"comment_status":"open","ping_status":"closed","sticky":false,"template":"","format":"standard","meta":{"footnotes":""},"categories":[17,94],"tags":[6570,6580],"class_list":["post-1022","post","type-post","status-publish","format-standard","hentry","category-photo","category-wandern","tag-fuji-x-100","tag-gemmi"],"_links":{"self":[{"href":"https:\/\/blogs.ethz.ch\/frank\/wp-json\/wp\/v2\/posts\/1022","targetHints":{"allow":["GET"]}}],"collection":[{"href":"https:\/\/blogs.ethz.ch\/frank\/wp-json\/wp\/v2\/posts"}],"about":[{"href":"https:\/\/blogs.ethz.ch\/frank\/wp-json\/wp\/v2\/types\/post"}],"author":[{"embeddable":true,"href":"https:\/\/blogs.ethz.ch\/frank\/wp-json\/wp\/v2\/users\/55"}],"replies":[{"embeddable":true,"href":"https:\/\/blogs.ethz.ch\/frank\/wp-json\/wp\/v2\/comments?post=1022"}],"version-history":[{"count":0,"href":"https:\/\/blogs.ethz.ch\/frank\/wp-json\/wp\/v2\/posts\/1022\/revisions"}],"wp:attachment":[{"href":"https:\/\/blogs.ethz.ch\/frank\/wp-json\/wp\/v2\/media?parent=1022"}],"wp:term":[{"taxonomy":"category","embeddable":true,"href":"https:\/\/blogs.ethz.ch\/frank\/wp-json\/wp\/v2\/categories?post=1022"},{"taxonomy":"post_tag","embeddable":true,"href":"https:\/\/blogs.ethz.ch\/frank\/wp-json\/wp\/v2\/tags?post=1022"}],"curies":[{"name":"wp","href":"https:\/\/api.w.org\/{rel}","templated":true}]}}